{"id":716,"date":"2020-03-15T14:35:43","date_gmt":"2020-03-15T12:35:43","guid":{"rendered":"https:\/\/www.jeshua.net\/fi\/?p=716"},"modified":"2020-03-15T14:35:43","modified_gmt":"2020-03-15T12:35:43","slug":"maadoittuneena-oleminen","status":"publish","type":"post","link":"https:\/\/www.jeshua.net\/fi\/2020\/03\/15\/maadoittuneena-oleminen\/","title":{"rendered":"Maadoittuneena oleminen"},"content":{"rendered":"\n<p><strong><em>Kirjoittanut\nGerrit Gielen<\/em><\/strong><\/p>\n\n\n\n<p>Monista t\u00e4t\u00e4\nnyky\u00e4 el\u00e4vist\u00e4 ihmisist\u00e4 sanotaan, ett\u00e4 he ovat &#8221;huonosti\nmaadoittuneita&#8221;. Se tarkoittaa, ett\u00e4 emme ole t\u00e4ysin l\u00e4sn\u00e4 kehossamme: osa\nmielest\u00e4mme tai ajatuksistamme on jossakin muualla. Joskus se tapahtuu\ntietoisesti ja silloin tajuamme, ett\u00e4 se osa mielt\u00e4mme on aina jossakin\nmuualla. Joskus se kuitenkin on tiedotonta: emme tajua, ett\u00e4 olemme paljon\nenemm\u00e4n kuin se maallinen persoona, johon samastumme. Olemme osa\n&#8221;yhteiskuntaa&#8221;, mutta olemme menett\u00e4neet yhteyden sieluumme,\nytimeemme.<\/p>\n\n\n\n<p>Kun katson itse\u00e4ni, huomaan t\u00e4m\u00e4n eriytymisen alkaneen varhain: jokin mieleni osa puuttui. Ollessani koulussa en ihan vihannut sit\u00e4, mutta en tuntenut oloani siell\u00e4 kotoisaksikaan. K\u00e4vin oppitunneilla, sain tyydytt\u00e4vi\u00e4 arvosanoja, vaikka mielenkiintoni ei varsinaisesti ollut oppiaineessa. Sis\u00e4inen maailmani oli kaukana Maasta. Luin paljon. Olin kiinnostunut my\u00f6s maalaamisesta, ja kun katselin kauniita maisemia, kuten van Ruisdaelin tekem\u00e4\u00e4, jouduin unelmien maailmaan. <\/p>\n\n\n\n<figure class=\"wp-block-image size-large\"><img loading=\"lazy\" decoding=\"async\" width=\"600\" height=\"476\" src=\"https:\/\/www.jeshua.net\/fi\/wp\/wp-content\/uploads\/2020\/03\/Jacob_Isaaksz._van_Ruisdael_016.jpg\" alt=\"\" class=\"wp-image-718\" srcset=\"https:\/\/www.jeshua.net\/fi\/wp\/wp-content\/uploads\/2020\/03\/Jacob_Isaaksz._van_Ruisdael_016.jpg 600w, https:\/\/www.jeshua.net\/fi\/wp\/wp-content\/uploads\/2020\/03\/Jacob_Isaaksz._van_Ruisdael_016-300x238.jpg 300w, https:\/\/www.jeshua.net\/fi\/wp\/wp-content\/uploads\/2020\/03\/Jacob_Isaaksz._van_Ruisdael_016-340x270.jpg 340w\" sizes=\"auto, (max-width: 600px) 100vw, 600px\" \/><\/figure>\n\n\n\n<p><em>Jacob van\nRuisdael \u2013 Vesiputousmaisema<\/em> <\/p>\n\n\n\n<p>Koska\nis\u00e4ll\u00e4ni oli mielenterveysongelmia, emme juuri koskaan menneet minnek\u00e4\u00e4n. Kaunis\nluonto, inspiroivat maisemat, meri \u2013 mik\u00e4\u00e4n n\u00e4ist\u00e4 ei kuulunut nuoruuteeni. Vaikka\nAlankomailla on paljon rannikkoviivaa, n\u00e4in meren ensimm\u00e4isen kerran vasta\nollessani 18-vuotias. Asustin mieluummin sis\u00e4isess\u00e4 maailmassani kuin Tilburgin\nharmailla kaduilla. T\u00e4m\u00e4n seurauksena oli huono maadoittuminen aikuisena: en\npystynyt olemaan syd\u00e4mell\u00e4ni ja sielullani l\u00e4sn\u00e4 omassa kehossani. Toiset\nsaivat usein vaikutelman, ett\u00e4 olin sulkeutunut ja poissaoleva. Vika ei ollut\nkokonaan itsess\u00e4ni, sill\u00e4 usein minusta tuntui, etten pystynyt olemaan oma\nitseni toisten ihmisten kanssa. Kun ei pysty olemaan oma itsens\u00e4, piiloudutaan.<\/p>\n\n\n\n<p>Minusta tuntui\nmy\u00f6s, etten pystynyt olemaan l\u00e4sn\u00e4 Maan p\u00e4\u00e4ll\u00e4 mieleni avulla. Ajattelin, ett\u00e4\nsiihen oli sopeuduttava ja ett\u00e4 se oli minun ainoa vaihtoehtoni. Se on minun\ntarinani, ja monilla ihmisill\u00e4 on samanlaisia tarinoita. <\/p>\n\n\n\n<p>Huonon\nmaadoittumisen syy on aina siin\u00e4, ett\u00e4 lapsi jotenkin tuntee, ettei h\u00e4n voi\nolla oma itsens\u00e4 ja ettei olet tervetullut sellaisena kuin on. Lapsilla on aina\ntiedoton muisto henkimaailman kauneudesta, leikkisyydest\u00e4, luovuudesta ja\nriemukkuudesta. Paikasta, jossa ei ole paineita, ei pakkoa.<\/p>\n\n\n\n<p>Se hetki, jolloin\nkasvava lapsi huomaa olevansa erilainen kuin muut, osa lapsen tietoisuudesta vet\u00e4ytyy\n\u2013 ihminen kadottaa itsens\u00e4. H\u00e4n ei sitten osallistu yhteiskunnaksi kutsuttuun\nkoneistoon eik\u00e4 tule sen osaksi: kutsumme sit\u00e4 kasvamiseksi. Tai sitten h\u00e4n\npysyy tietoisena unelmamaailmastaan, vet\u00e4ytyy itseens\u00e4, koska h\u00e4nest\u00e4 tuntuu,\nettei maailmassa ole paikkaa h\u00e4nelle.<\/p>\n\n\n\n<p>Ensimm\u00e4isess\u00e4\ntapauksessa h\u00e4n n\u00e4kee itsens\u00e4 maadoittuneena, mutta sit\u00e4 h\u00e4n ei ole. H\u00e4n luulee\nolevansa, koska h\u00e4n on osa j\u00e4rjestelm\u00e4\u00e4. Kuitenkaan j\u00e4rjestelm\u00e4 ei\nkokonaisuudessaan ole lainkaan maadoittunut. H\u00e4n ei yksinkertaisesti tiedosta\nen\u00e4\u00e4 sit\u00e4 osaa itsest\u00e4\u00e4n, joka ei sovi joukkoon.<\/p>\n\n\n\n<p>Monet\nnykyajan toimistorakennukset ja tehtaat, jopa kokonaiset kaupungit eiv\u00e4t ole\nmaadoittuneita itsen\u00e4isin\u00e4 kokonaisuuksina. Sen asukkaat eiv\u00e4t kuitenkaan tajua\nsit\u00e4: he ovat alkaneet luulla sen olevan normaalia eik\u00e4 heist\u00e4 tunnu, ett\u00e4\nsiin\u00e4 on jotakin v\u00e4\u00e4rin. He ovat menett\u00e4neet yhteyden henkiseen itseens\u00e4 ja\nsis\u00e4iseen lapseen, joka on t\u00e4m\u00e4n min\u00e4n osan perimm\u00e4inen ilmenemismuoto.<\/p>\n\n\n\n<p>Muutama\nvuosi sitten k\u00e4velin er\u00e4\u00e4n aasialaisen suurkaupungin kaduilla. Siell\u00e4 oli\ntuskin lainkaan vihreytt\u00e4, vain valtavia v\u00e4kijoukkoja, kiivasta liikennett\u00e4,\ntornimaisia asuinrakennuksia vieri vieress\u00e4. Huomasin, ett\u00e4 kaupungin energia\noli t\u00e4ysin omillaan. Sielt\u00e4 puuttui t\u00e4ysin luonnon rauha ja harmonia, joka\nantaa terveellisen yhteyden Maahan. Tuollaisessa kaupungissa toimivista\nihmisist\u00e4 tulee osa kaupungin energiaa ja heist\u00e4 maadoittumisen puute on\nnormaalia, ja heid\u00e4n mielest\u00e4\u00e4n se kuuluu nykyaikaiseen yhteiskuntaan. <\/p>\n\n\n\n<p>N\u00e4in ollen\nmaadoittumisen suhteen ihmiset voidaan luokitella kolmeen ryhm\u00e4\u00e4n: <br>\n<br>\n1. Ihmiset, jotka ovat huonosti maadoittuneita mutteiv\u00e4t tied\u00e4 sit\u00e4; he\nhyv\u00e4ksyv\u00e4t omat rajoituksensa tosiasiana eiv\u00e4tk\u00e4 lainkaan tiedosta omaa sis\u00e4ist\u00e4\nsuuruuttaan. He ovat t\u00e4ysin samastuneita itseens\u00e4 sill\u00e4 leimalla, mink\u00e4\nyhteiskunta on heille antanut: esimerkiksi aikuinen, kovasti ty\u00f6t\u00e4 tekev\u00e4 mies\ntai kotirouva.<\/p>\n\n\n\n<p>2. Ihmiset,\njotka ovat huonosti maadoittuneita ja tiet\u00e4v\u00e4t sen. N\u00e4m\u00e4 ovat usein ihmisi\u00e4,\njotka eiv\u00e4t tunne oloaan kotoisaksi t\u00e4\u00e4ll\u00e4 ja jotka ajattelevat, etteiv\u00e4t\ntodella ole tervetulleita t\u00e4h\u00e4n maailmaan. He n\u00e4kev\u00e4t sosiaalisen todellisuuden\nymp\u00e4rill\u00e4\u00e4n ja heist\u00e4 tuntuu, ettei t\u00e4\u00e4ll\u00e4 ole heille mit\u00e4\u00e4n paikkaa. He\ntiedostavat sen osan itsest\u00e4\u00e4n, joka ei ole l\u00e4sn\u00e4 Maan p\u00e4\u00e4ll\u00e4, ja ajattelevat:\n&#8221;T\u00e4m\u00e4 maailma ei k\u00e4y yhteen sen kanssa, mik\u00e4 min\u00e4 olen.&#8221; <\/p>\n\n\n\n<p>3. Ihmiset,\njotka ovat (enemm\u00e4n tai v\u00e4hemm\u00e4n) hyvin maadoittuneita. Kaikista ongelmista ja\nvastustuksesta huolimatta he silti l\u00f6yt\u00e4v\u00e4t keinon ilmaista sis\u00e4ist\u00e4\nmaailmaansa. He n\u00e4ytt\u00e4v\u00e4t maailmalle jotakin aidosta itsest\u00e4\u00e4n. <\/p>\n\n\n\n<p>T\u00e4m\u00e4 kirjoitus\non tarkoitettu auttamaan ihmisi\u00e4 siirtym\u00e4\u00e4n 2-ryhm\u00e4st\u00e4 3-ryhm\u00e4\u00e4n. Haluan tehd\u00e4\nsen osittain omien kokemusteni pohjalta. Henkil\u00f6kohtaisesti olen aina\ntiedostanut hyvin sis\u00e4isen maailmani, mutta yksinkertaisesti uskonut, ettei\nMaassa ollut paikkaa varsinaiselle itselleni. Joten tietyll\u00e4 tavalla elin\nkaksoisel\u00e4m\u00e4\u00e4. Joka tapauksessa aloin ottaa t\u00e4rkeit\u00e4 askeleita Maata kohti.<\/p>\n\n\n\n<p><strong>Vaihe 1 \u2013 <em>J\u00e4t\u00e4\naikaa itsellesi saadaksesi selville kuka olet<\/em><\/strong><\/p>\n\n\n\n<p>Ulkoa p\u00e4in\nkatsottuna ensimm\u00e4inen vaihe minulle oli paradoksaalinen. P\u00e4\u00e4tin, etten tee uraa,\nvaan teen t\u00f6it\u00e4 niin v\u00e4h\u00e4n kuin mahdollista. 1980-luvun alkupuolella\nty\u00f6skentelin vain osa-aikaisesti 3 p\u00e4iv\u00e4n\u00e4 viikossa, mik\u00e4 oli silloin hyvin\nep\u00e4tavallinen juttu miehelle. Minulla oli nelj\u00e4 kokonaista p\u00e4iv\u00e4\u00e4 viikossa\nitselleni. Sanoin hyv\u00e4stit mahdolliselle sosiaaliselle uralle.<\/p>\n\n\n\n<p>Muistan\nk\u00e4velleeni kirjastoon ensimm\u00e4ist\u00e4 kertaa arkip\u00e4iv\u00e4n\u00e4 ja vain istuneeni\nlukemaan. Pidin siit\u00e4. Minulla oli aikaa itselleni tehd\u00e4 asioita, jotka olivat\nminusta todella mielenkiintoisia. Oli aikaa vain k\u00e4vell\u00e4 hieman viikon kuluessa\nsilloin kun minusta tuntui silt\u00e4. <\/p>\n\n\n\n<p>Jos haluat\nmaadoittua paremmin, t\u00e4m\u00e4 on ensimm\u00e4inen vaihe, joka sinun on teht\u00e4v\u00e4. Anna\nitsellesi aikaa. Sill\u00e4 ei ole v\u00e4li\u00e4 mit\u00e4 teet sin\u00e4 aikana, kunhan sinusta\ntuntuu, ett\u00e4 se aika on t\u00e4ysin sinun. Jokaisena hetken\u00e4, mik\u00e4 ei ole meid\u00e4n\nomaamme, emme ole todella Maan p\u00e4\u00e4ll\u00e4. Pysty\u00e4ksemme sanomaan &#8221;kyll\u00e4&#8221;\nel\u00e4m\u00e4lle Maan p\u00e4\u00e4ll\u00e4 ja pysty\u00e4ksemme olemaan t\u00e4ysin l\u00e4sn\u00e4 t\u00e4\u00e4ll\u00e4, meid\u00e4n t\u00e4ytyy\ntuntea, ett\u00e4 meille on aikaa. <\/p>\n\n\n\n<p>Se on\nvaltava askel. Yhteiskunta asettaa meille valtavia paineita olla toimeliaita ja\ntehd\u00e4 jotakin. Meid\u00e4n odotetaan tekev\u00e4n uraa, rahaa, olemaan hy\u00f6dyllinen\nyhteiskunnan j\u00e4sen, huolehtimaan toisista, jne. Kaikki nuo asiat edellytt\u00e4v\u00e4t\nmeilt\u00e4 jotakin. Jose emme tee mit\u00e4\u00e4n ja jos k\u00e4yt\u00e4mme aikaa itse\u00e4mme varten,\ntunnemme syyllisyytt\u00e4. Kun vain istumme tekem\u00e4tt\u00e4 mit\u00e4\u00e4n, sit\u00e4 pidet\u00e4\u00e4n pahana\nasiana.<\/p>\n\n\n\n<p>On toinenkin\nsyy miksi aika itse\u00e4mme varten on niin t\u00e4rke\u00e4\u00e4: <em>emme voi olla maadoittuneita, ellemme tied\u00e4 keit\u00e4 olemme<\/em>. Varttuessamme\nulkomaailma kertoo meille keit\u00e4 olemme. Saamme nimen vanhemmiltamme: olet joko\npoika tai tytt\u00f6. Sinulta odotetaan tietynlaista k\u00e4yt\u00f6st\u00e4 sukupuolen mukaan. Sin\u00e4\nsis\u00e4ist\u00e4t nuo ajatukset itsest\u00e4si. Ainoastaan jos teet aikaa ja tilaa\nitsellesi, pystyt p\u00e4\u00e4st\u00e4m\u00e4\u00e4n irti noista sis\u00e4isist\u00e4 viesteist\u00e4. Miehen\u00e4 minulle\noli t\u00e4rke\u00e4\u00e4 p\u00e4\u00e4st\u00e4\u00e4 irti kaikenlaisista aatoksista miehen\u00e4 olemiseen. Luomalla\ntilaa minussa olevalle naispuoliselle energialle, minussa olevalle lapselle \u2013\ntilaa minussa olevalle enkelille. <\/p>\n\n\n\n<p>Itselle\nvarattu aika merkitsee sit\u00e4, ett\u00e4 ennemmin tai my\u00f6hemmin tiedostat mit\u00e4 itsesi\nsis\u00e4ll\u00e4 on menossa, kuka todella olet ytimess\u00e4si \u2013 ainutkertainen sin\u00e4. N\u00e4in\nsinusta tuntuu erilaiselta, tunnet kuka <em>todella<\/em>\nolet. <\/p>\n\n\n\n<p>Todellinen\nmaadoittuminen alkaa j\u00e4rjest\u00e4m\u00e4ll\u00e4 aikaa siihen, ett\u00e4 huomaat itsess\u00e4si sen\nosan, joka ei ole maadoittunut. Ellet tee n\u00e4in ja jos menet t\u00e4ysin yhteiskunnan\nenergian mukana, silloin hylk\u00e4\u00e4t sen osan ja sinut pakotetaan 1-ryhm\u00e4\u00e4n.<\/p>\n\n\n\n<p><strong>Vaihe 2 \u2013 Ilmaise itse\u00e4si<\/strong><\/p>\n\n\n\n<p>Toinen t\u00e4rke\u00e4 askel oli p\u00e4\u00e4t\u00f6s tehd\u00e4 sis\u00e4inen maailmani n\u00e4kyv\u00e4ksi toisille. P\u00e4\u00e4tin n\u00e4ytt\u00e4\u00e4 &#8221;erilaisuuteni&#8221;, aidot v\u00e4rini maailmalle. Minun tapauksessani tein sen rakentamalla verkkosivuston ja julkaisemalla kaikenlaisia tekstej\u00e4: &#8221;<a rel=\"noreferrer noopener\" href=\"https:\/\/gerrit-gielen.nl\/\" target=\"_blank\">El\u00e4m\u00e4 ja tietoisuus<\/a>&#8221;. Vuosien kuluessa olin kehitellyt monia ideoita siit\u00e4, millaista el\u00e4m\u00e4 oli. Luomalla verkkosivuston n\u00e4ytin itsest\u00e4ni jotakin, jonka olin aina salannut maailmalta \u2013 kosketin maailmaa. <\/p>\n\n\n\n<p>Mit\u00e4\ntapahtuu, jos teet n\u00e4in?<\/p>\n\n\n\n<p>Vanha\nyhteiskunta ei ole maadoittunut eik\u00e4 tasapainossa. Emme el\u00e4 symbioosissa Maan\nkanssa; harmoniaa ei ole. Talousel\u00e4m\u00e4mme perustuu Maan ry\u00f6v\u00e4\u00e4miseen. Kiskomme\nnopeasti valtavia m\u00e4\u00e4ri\u00e4 luonnonvaroja Maasta, mill\u00e4 pidet\u00e4\u00e4n kyseenalaista\nmassatuotantoa k\u00e4ynniss\u00e4, ja n\u00e4in tekem\u00e4ll\u00e4 me tuhoamme ymp\u00e4rist\u00f6\u00e4. On selv\u00e4\u00e4,\nettemme voi ikuisesti jatkaa t\u00e4llaista tasapainotonta el\u00e4m\u00e4ntapaa. Se\nel\u00e4m\u00e4ntapa tulee siit\u00e4, ettei yhteiskunta kokonaisuudessaan ole maadoittunut. Monet\nnykyisin el\u00e4v\u00e4t ihmiset luulevat, ett\u00e4 he ovat hyvin maadoittuneita, mutta\neiv\u00e4t he ole. Ihmiset saavat virheellisen maadoittumisen tunteen siit\u00e4, ett\u00e4 he\novat vahvasti yhteydess\u00e4 suureen energiaj\u00e4rjestelm\u00e4\u00e4n, joka itsess\u00e4\u00e4n ei ole\nmaadoittunut. Sen takia he eiv\u00e4t ota Maata huomioon. Tuloksena on maapallon\nriist\u00e4minen ja tuhoaminen. <\/p>\n\n\n\n<p>Sill\u00e4\nhetkell\u00e4 kun annat jotakin virrata itsesi syvyyksist\u00e4 Maahan, luot\nenergiakiertoa. Annat jotakin Maalle ja silloin virta tulee takaisin. Se on\nluonnollista kiertokulkua, joka eroaa hyvin paljon nykyaikaisen, j\u00e4lkiteollisen\nyhteiskunnan ahnaasta mekanismista. Luomalla tuollaisen kierron Maan kanssa\nalat automaattisesti tuntea olevasi osa Maasta ja ottaa vastuuta Maasta. <\/p>\n\n\n\n<p>Kun yh\u00e4 useampi\nihminen luo sellaista kiertokulkua, muodostuu suurempi ja parempi tasapaino\nantamisen ja ottamisen v\u00e4lille, Maan ja ihmiskunnan v\u00e4lille.<\/p>\n\n\n\n<p>Uudella\naikakaudella tulee olemaan maadoittunut ihmiskunta. Mutta se voidaan saada\naikaan vain, jos yksil\u00f6t p\u00e4\u00e4tt\u00e4v\u00e4t tuoda julki kauneimmat ja syv\u00e4llisimm\u00e4t osat\nitsest\u00e4\u00e4n Maan p\u00e4\u00e4lle.<\/p>\n\n\n\n<p><strong>Vaihe 3 \u2013 <em>Sano &#8221;kyll\u00e4&#8221; tulevalle virralle<\/em><\/strong><\/p>\n\n\n\n<p>Jotta t\u00e4m\u00e4\nkiertokulku toteutuisi kokonaan ja aktivoituisi t\u00e4ysin, on t\u00e4rke\u00e4\u00e4 sanoa\n&#8221;kyll\u00e4&#8221; sis\u00e4\u00e4n tulevalle virralle. Se saattaa n\u00e4ytt\u00e4\u00e4\nyksinkertaiselta, mutta ei se ole. El\u00e4m\u00e4ss\u00e4mme on kaikenlaisia vanhoja pelkoja\nja uskomuksia, jotka est\u00e4v\u00e4t t\u00e4t\u00e4 tapahtumasta. Olemme my\u00f6s usein luoneet\ntodellisuuden, joka tekee t\u00e4m\u00e4n monimutkaiseksi meit\u00e4 ymp\u00e4r\u00f6ivien vanhojen\npelkojen ja uskomusten pohjalta.<\/p>\n\n\n\n<p>Pelko saa\nmeid\u00e4t tarrautumaan siihen, mik\u00e4 tuntuu turvalliselta tutulta \u2013 se vanha. Ty\u00f6,\nihmissuhde, yst\u00e4v\u00e4piiri, perhe, elinymp\u00e4rist\u00f6 \u2013 kyse voi olla kaikista\nasioista, joihin emme ole todella tyytyv\u00e4isi\u00e4, mutta ne antavat meille\nturvallisuuden tunnetta. T\u00e4m\u00e4 est\u00e4\u00e4 sit\u00e4 uutta, mit\u00e4 Maa haluaa antaa meille,\ntulemasta meille p\u00e4in. Pelko saa meid\u00e4t pysym\u00e4\u00e4n yhteydess\u00e4 vanhoihin\nenergiaj\u00e4rjestelmiin, jotka eiv\u00e4t ole maadoittuneita, ja pelko saa meid\u00e4t\ntakertumaan v\u00e4\u00e4r\u00e4\u00e4n maadoittumisen ja turvallisuuden tunteeseen.<\/p>\n\n\n\n<p>Sanomalla\n&#8221;kyll\u00e4&#8221; uudelle merkitsee sit\u00e4, ett\u00e4 meid\u00e4n on p\u00e4\u00e4stett\u00e4v\u00e4 vanhasta\nirti. T\u00e4m\u00e4 on luottamuksen askel, ja koska inhimillinen maailmamme perustuu\npelkoon, t\u00e4m\u00e4n askeleen ottaminen ei ole helppoa.<\/p>\n\n\n\n<p>Kuvittele\nseuraavasti. Sinulla on kasvuik\u00e4inen lapsi. Er\u00e4\u00e4n\u00e4 p\u00e4iv\u00e4n\u00e4 h\u00e4n tulee sanomaan:\n&#8221;En halua en\u00e4\u00e4 menn\u00e4 kouluun, en ole tyytyv\u00e4inen siell\u00e4 enk\u00e4 opi\nmit\u00e4\u00e4n.&#8221; <\/p>\n\n\n\n<p>Kuvittele,\nmilt\u00e4 asia sinusta tuntuisi. Kenties paniikki: ajatus siit\u00e4, ett\u00e4 kaikki menisi\nt\u00e4ysin pieleen t\u00e4ll\u00e4 lapsella. El\u00e4m\u00e4 tekem\u00e4tt\u00e4 mit\u00e4\u00e4n, kotona pysyen,\ntuollainen lapsi menee t\u00e4ysin hukkaan \u2013 siit\u00e4 ei voi tulla mit\u00e4\u00e4n hyv\u00e4\u00e4. Me\nkaikki haluamme lapsen saavan diplominsa ja saavan hyvin palkatun ty\u00f6n. Emme\nvoi todella uskoa, ett\u00e4 tie el\u00e4m\u00e4n onneen tuolla lapsella on jossakin kokonaan\nmuualla.<\/p>\n\n\n\n<p>Tuollaisessa\ntilanteessa tunne se paine, jonka aiheutat lapselle viestim\u00e4ll\u00e4 h\u00e4nelle:\n&#8221;Jos et mene j\u00e4rjestelm\u00e4n mukana, kaikki menee pieleen.&#8221; Ja niin\nlapsi asettaa vahvasti kyseenalaiseksi sen, mik\u00e4 saattaisi olla h\u00e4nen tiens\u00e4\nt\u00e4yttymykseen ja onnellisuuteen. <\/p>\n\n\n\n<p>T\u00e4m\u00e4 asenne,\nt\u00e4m\u00e4 usko j\u00e4rjestelm\u00e4\u00e4n on itse asiassa meid\u00e4n oma &#8221;pyh\u00e4&#8221; uskomme, ett\u00e4\nheti kun astut j\u00e4rjestelm\u00e4n ulkopuolelle ja j\u00e4t\u00e4t sen vaatimukset huomiotta,\nasiat menev\u00e4t huonosti. <\/p>\n\n\n\n<p>Me olemme\ntuo lapsi, me tunnemme oman sis\u00e4isen tarkoituksemme: tien onnellisuuteen. Kuitenkin\nmeiss\u00e4 on my\u00f6s hyvin voimakas autoritaarinen \u00e4\u00e4ni, joka sanoo, ett\u00e4 t\u00e4t\u00e4 ei\nvoida tehd\u00e4 ja ett\u00e4 siihen uskominen on naiivia ja ep\u00e4kyps\u00e4\u00e4. Ett\u00e4 sis\u00e4iseen\n\u00e4\u00e4neemme, syvimpiin haluihimme yhteyden ottaminen on itse asiassa pakoa\ntodellisuudesta.<\/p>\n\n\n\n<p>Kasvoimme\nsen ajatuksen kanssa, ett\u00e4 yhteiskuntamme energiaj\u00e4rjestelm\u00e4 tuo varmuutta:\npankit ovat luotettavia, el\u00e4kkeemme ovat varmoja, pysyv\u00e4 ty\u00f6paikka tarjoaa\nturvallisuutta. Kun olemme sairaita, l\u00e4\u00e4k\u00e4ri parantaa meid\u00e4t, koulutuksemme\ntakaa hyv\u00e4n ty\u00f6paikan, jne. T\u00e4n\u00e4 p\u00e4iv\u00e4n\u00e4 me kuitenkin huomaamme, ett\u00e4 n\u00e4m\u00e4\nasiat eiv\u00e4t ole lainkaan varmoja. Syy on siin\u00e4, ett\u00e4 koko yhteiskunnaltamme\npuuttuu hyv\u00e4 maadoitus. <\/p>\n\n\n\n<p>Hyv\u00e4n\u00e4\nuutisena on, ett\u00e4 voimme muuttaa t\u00e4m\u00e4n, ja monet ihmiset tekev\u00e4t sit\u00e4 jo. Enemm\u00e4n\nkuin koskaan t\u00e4m\u00e4n p\u00e4iv\u00e4n mottona on: &#8221;Paranna maailmaa, ja aloita\nitsest\u00e4si.&#8221;<\/p>\n\n\n\n<p>Luo ensin\nhyv\u00e4 maadoitus itsellesi ja terveellinen energiakierto, jossa ilmaiset itse\u00e4si\nmaailmaan, ja avaudu sille, mit\u00e4 maailma haluaa antaa sinulle.<\/p>\n\n\n\n<p>Avautua \u2013 miten se tehd\u00e4\u00e4n? Heti kun alamme tuoda julki maailmaan sit\u00e4, mit\u00e4 sis\u00e4ll\u00e4mme on, meit\u00e4 kohti alkaa tulla uusia asioita. On hyvin t\u00e4rke\u00e4\u00e4 luottaa ja uskoa siihen, ja sanoa sille &#8221;kyll\u00e4&#8221; syd\u00e4memme pohjasta.<\/p>\n\n\n\n<p><strong>Lopuksi: Hyv\u00e4ksy ehdoton rakkaus<\/strong><\/p>\n\n\n\n<p>Lopulta\nmaadoittuminen on hyvin yksinkertainen asia: hyv\u00e4ksy \u00c4iti Maan rakkaus sinuun\nhenkil\u00f6kohtaisesti. K\u00e4\u00e4nn\u00e4 selk\u00e4si sille ajatukselle, ett\u00e4 Maa on kuollut,\neloton asia, ja viritt\u00e4ydy sis\u00e4isesti sen tietoisuudelle \u2013 ja tunne sitten\nsaamasi rakkaus henkil\u00f6kohtaisesti. Tunne, ett\u00e4 Maa haluaa auttaa sinua ja\ntukee aina sinua polullasi. <\/p>\n\n\n\n<p>Maassa\nelett\u00e4v\u00e4n el\u00e4m\u00e4n ihme on siin\u00e4, ett\u00e4 mit\u00e4 enemm\u00e4n tuot esiin itse\u00e4si ja olet\noma itsesi, sit\u00e4 enemm\u00e4n tunnet Maan rakastavan sinua. Kuule Maan kutsu. Kuule,\nkuinka se kutsuu sieluasi, todellista itse\u00e4si. Sano &#8221;kyll\u00e4&#8221; itsellesi\nja sano &#8221;kyll\u00e4&#8221; Maan rakkaudelle, joka on olemassa sinua varten. Se\non maadoittumista.<\/p>\n\n\n\n<p>\u00a9 Gerrit Gielen<\/p>\n\n\n\n<p><em>Suomennos:\nTapio N\u00e4rhi<\/em><\/p>\n","protected":false},"excerpt":{"rendered":"<p>Kirjoittanut Gerrit Gielen Monista t\u00e4t\u00e4 nyky\u00e4 el\u00e4vist\u00e4 ihmisist\u00e4 sanotaan, ett\u00e4 he ovat &#8221;huonosti maadoittuneita&#8221;. Se tarkoittaa, ett\u00e4 emme ole t\u00e4ysin l\u00e4sn\u00e4 kehossamme: osa mielest\u00e4mme tai ajatuksistamme on jossakin muualla. Joskus se tapahtuu tietoisesti ja silloin tajuamme, ett\u00e4 se osa mielt\u00e4mme on aina jossakin muualla. Joskus se kuitenkin on tiedotonta: emme tajua, ett\u00e4 olemme paljon&#8230;<\/p>\n<p class=\"read-more\"><a class=\"btn btn-default\" href=\"https:\/\/www.jeshua.net\/fi\/2020\/03\/15\/maadoittuneena-oleminen\/\"> Read More<span class=\"screen-reader-text\">  Read More<\/span><\/a><\/p>\n","protected":false},"author":2,"featured_media":0,"comment_status":"open","ping_status":"open","sticky":false,"template":"","format":"standard","meta":{"footnotes":""},"categories":[11],"tags":[],"class_list":["post-716","post","type-post","status-publish","format-standard","hentry","category-esseet"],"_links":{"self":[{"href":"https:\/\/www.jeshua.net\/fi\/wp-json\/wp\/v2\/posts\/716","targetHints":{"allow":["GET"]}}],"collection":[{"href":"https:\/\/www.jeshua.net\/fi\/wp-json\/wp\/v2\/posts"}],"about":[{"href":"https:\/\/www.jeshua.net\/fi\/wp-json\/wp\/v2\/types\/post"}],"author":[{"embeddable":true,"href":"https:\/\/www.jeshua.net\/fi\/wp-json\/wp\/v2\/users\/2"}],"replies":[{"embeddable":true,"href":"https:\/\/www.jeshua.net\/fi\/wp-json\/wp\/v2\/comments?post=716"}],"version-history":[{"count":3,"href":"https:\/\/www.jeshua.net\/fi\/wp-json\/wp\/v2\/posts\/716\/revisions"}],"predecessor-version":[{"id":720,"href":"https:\/\/www.jeshua.net\/fi\/wp-json\/wp\/v2\/posts\/716\/revisions\/720"}],"wp:attachment":[{"href":"https:\/\/www.jeshua.net\/fi\/wp-json\/wp\/v2\/media?parent=716"}],"wp:term":[{"taxonomy":"category","embeddable":true,"href":"https:\/\/www.jeshua.net\/fi\/wp-json\/wp\/v2\/categories?post=716"},{"taxonomy":"post_tag","embeddable":true,"href":"https:\/\/www.jeshua.net\/fi\/wp-json\/wp\/v2\/tags?post=716"}],"curies":[{"name":"wp","href":"https:\/\/api.w.org\/{rel}","templated":true}]}}