{"id":269,"date":"2020-01-13T09:59:38","date_gmt":"2020-01-13T07:59:38","guid":{"rendered":"https:\/\/www.jeshua.net\/fi\/wp\/?p=269"},"modified":"2020-02-05T10:45:28","modified_gmt":"2020-02-05T08:45:28","slug":"tuntekaa-jalleen-kuinka-oli-ennen","status":"publish","type":"post","link":"https:\/\/www.jeshua.net\/fi\/2020\/01\/13\/tuntekaa-jalleen-kuinka-oli-ennen\/","title":{"rendered":"Tuntekaa j\u00e4lleen kuinka oli ennen"},"content":{"rendered":"\n<p><strong>Pamela Kribbe kanavoi Maata<\/strong><\/p>\n\n\n\n<p>Rakkaat ihmiset, min\u00e4 olen \u00c4iti Maan \u00e4\u00e4ni. Kannan teit\u00e4 t\u00e4ll\u00e4 \nihmisel\u00e4m\u00e4n matkallanne. Tuntekaa minut luissanne, lihaksissanne, \nkaikissa kehonne soluissa. Min\u00e4 toimitan teid\u00e4n ihmiskehonne \nrakennuspalikat.<\/p>\n\n\n\n<p>En kuitenkaan ole l\u00e4sn\u00e4 teiss\u00e4 vain fyysisell\u00e4 tasolla, \nvaan olen my\u00f6s hyvin vanha energiaolento. Minulla on sieluenergiaa, \nhenkist\u00e4 el\u00e4m\u00e4\u00e4, ja heti kun synnytte minun kehoni iholle, suon teille \nomaa energiaani, Maan energiaa. Minun, Maan energia liikkuu kaikkien \nl\u00e4pi, jotka el\u00e4v\u00e4t minun p\u00e4\u00e4ll\u00e4ni, ts. koko ihmiskunta. Minun energiani \non vastaanottavainen teid\u00e4n energiallenne: min\u00e4 absorboin sit\u00e4, opin \nsiit\u00e4 ja yrit\u00e4n antaa teille sit\u00e4, mik\u00e4 tukee teit\u00e4 ja on teille \nhyv\u00e4ksi.<\/p>\n\n\n\n<p>Syd\u00e4mess\u00e4ni olen vapaa eik\u00e4 kaksinaisuus koske minua, \nmink\u00e4 vuoksi voin tuntea, mit\u00e4 ihmiset tarvitsevat energiatasolla. \nSyd\u00e4nenergiani on l\u00e4sn\u00e4 teid\u00e4n kehossanne ja se suuntautuu luontaisesti \ntasapainoa kohti. Teid\u00e4n kehonne ja minun kehoni ovat energiamieless\u00e4 \nyhteydess\u00e4 toisiinsa ja me muodostamme kokonaisuuden. Sanoin juuri, ett\u00e4\n olemuksessani, ytimess\u00e4ni en ole sidoksissa kaksinaisuuteen. Kuitenkin \nitse maallinen el\u00e4m\u00e4 \u2013 kasveissa, el\u00e4imiss\u00e4 ja ihmisiss\u00e4 \u2013 <em>on<\/em> \nkaksinaisuuden alaista. On syntym\u00e4\u00e4 ja kuolemaa, sairautta, terveytt\u00e4, \nnuoruutta, vanhuutta, rakkauden ja valon sek\u00e4 ep\u00e4toivon ja pelon \ntunteita. N\u00e4m\u00e4 ovat kaikki el\u00e4m\u00e4n aspekteja minun p\u00e4\u00e4ll\u00e4ni, mutta \nitsess\u00e4ni, ytimess\u00e4ni olen vapaa siit\u00e4 kaikesta, joten sallin sen kaiken\n tapahtua.<\/p>\n\n\n\n<p>Tunnen ydinolemuksessani mik\u00e4 olen. Olen osa kosmosta \nyleens\u00e4 ottaen, mutta suostuin rooliini ihmiskunnan kantajana. Olen \nseurananne teid\u00e4n polullanne, mutta en voi ottaa vastuuta puolestanne. \nTeid\u00e4n on suoritettava se, mik\u00e4 on erityisesti teid\u00e4n teht\u00e4v\u00e4nne ja mik\u00e4\n koko ihmiskunnan on t\u00e4ytett\u00e4v\u00e4 ja mihin sen on kasvettava.<\/p>\n\n\n\n<p>Teill\u00e4, ihmiskunnalla kokonaisuudessaan, on luomisen \nerikoisvoimia: kyky luoda ja saada aikaan jotakin uutta. Haluan antaa \nteille tilaisuuden tehd\u00e4 niin, vaikkakin se merkitsee, ett\u00e4 te joskus \nannatte my\u00f6ten kaksinaisuudelle eik\u00e4 teist\u00e4 en\u00e4\u00e4 tunnu silt\u00e4, ett\u00e4 \nolette vapaita siit\u00e4. Mutta tiet\u00e4k\u00e4\u00e4, ett\u00e4 te sieluina olette vapaita \nsyntym\u00e4st\u00e4 ja kuolemasta. Tiet\u00e4k\u00e4\u00e4, ett\u00e4 olette ikuisia, vaikka usein \nmenet\u00e4tte yhteyden siihen tunteeseen el\u00e4ess\u00e4nne Maan p\u00e4\u00e4ll\u00e4. Voin antaa \nsen tunteen takaisin teille, jos vain luotatte minuun. <\/p>\n\n\n\n<p>Min\u00e4 en ole se, joka upottaa teid\u00e4t kaksinaisuuteen. Se \non ihmiskunnan luoma verho \u2013 tiet\u00e4m\u00e4tt\u00f6myys, itsens\u00e4 kadottaminen \u2013 ja \nse toisinaan tekee el\u00e4m\u00e4n Maassa niin vaikeaksi. N\u00e4in ei ole aina ollut.\n Maassa on ollut aikoja, kun ihmisyhteis\u00f6j\u00e4 eli t\u00e4ydellisess\u00e4 rauhassa \nja harmoniassa toistensa ja luonnon kanssa. Juuri nyt t\u00e4ss\u00e4 \nmeditaatiossa jotkut teist\u00e4 tunnistivat ja tunsivat sellaisen el\u00e4m\u00e4n, \njolloin tunsitte olevanne luonnollisesti tervetullut Maahan sek\u00e4 lapsena\n ett\u00e4 aikuisena ja my\u00f6s sieluna, joka olette.<\/p>\n\n\n\n<p>Usein esiintyy er\u00e4\u00e4nlaista &#8221;skitsofreniaa&#8221;, kun aloitatte\n maallisen el\u00e4m\u00e4n: tapahtuu jakautuminen sen v\u00e4lill\u00e4 millaisia todella \nolette ja mit\u00e4 ymp\u00e4rill\u00e4nne olevat ihmiset odottavat teilt\u00e4 tai omien \npelkojensa ja ep\u00e4varmuuden takia sys\u00e4\u00e4v\u00e4t teid\u00e4n harteillenne. Ja alusta\n alkaen on ollut kuilu sen v\u00e4lill\u00e4 mit\u00e4 tunnette ja mit\u00e4 teid\u00e4n pit\u00e4isi \ntuntea, eli mit\u00e4 olette vapaita tekem\u00e4\u00e4n ja mit\u00e4 teilt\u00e4 odotetaan.<\/p>\n\n\n\n<p>Te olette kuitenkin aiemmin el\u00e4neet Maassa, jolloin \ntulonne oli paljon sujuvampi ja jolloin saatoitte olla l\u00e4heisemmin \nsielunne energian kanssa kasvaessanne aikuisiksi, ja teit\u00e4 jopa \nhell\u00e4varaisesti ja ilolla rohkaistiin siihen. Noissa el\u00e4miss\u00e4 ja \nyhteis\u00f6iss\u00e4 oli my\u00f6s er\u00e4\u00e4nlaista kuria, mutta se oli kuin lempe\u00e4 k\u00e4si, \njoka oli harmoniassa ihmisluonnon kanssa. Noissa yhteis\u00f6iss\u00e4 lapsia \nohjattiin ottamaan sis\u00e4inen maailmansa vakavasti. Heit\u00e4 opetettiin \nkuuntelemaan omia tunnetilojaan rehellisesti ja avoimesti, ja \nkuuntelemaan sis\u00e4isi\u00e4 \u00e4\u00e4ni\u00e4\u00e4n eli pelkojaan ja ennakkoluulojaan. Se on \nmerkki hyvin kyps\u00e4st\u00e4 yhteiskunnasta, jossa ihmisten sis\u00e4inen maailma \notetaan hyvin vakavasti.<\/p>\n\n\n\n<p>Nyky\u00e4\u00e4n yhteiskunnan painopiste on l\u00e4hes kokonaan \nulkoisessa maailmassa ja tiedossa, joka mahdollistaa asioiden tekemisen,\n rakentamisen ja organisoimisen tai asioiden analysoimisen ja \nj\u00e4rjest\u00e4misen mielen avulla. Kaikki n\u00e4m\u00e4 toiminnot keskittyv\u00e4t \nulkoiseen. Kiinnostus sis\u00e4iseen todellisuuteen, mik\u00e4 itse asiassa on \nulkoisen todellisuuden eli ulkomaailman luoja, on kadotettu \u2013 mutta ei \naivan.<\/p>\n\n\n\n<p>Minussa on yh\u00e4 j\u00e4lki\u00e4 muinaisista yhteis\u00f6ist\u00e4 ja \nyhteiskunnista, joissa ihmiset eliv\u00e4t rakastaen luonnollista \nkanssak\u00e4ymist\u00e4\u00e4n toinen toistensa kanssa tietoisina sielustaan ja \nsis\u00e4isest\u00e4 todellisuudesta. Noiden yhteis\u00f6jen ja yhteiskuntien j\u00e4ljet \novat yh\u00e4 l\u00e4sn\u00e4 energiakent\u00e4ss\u00e4ni, Maan energiakent\u00e4ss\u00e4. Vaikka he ovat \nfyysisesti poissa Maan pinnalta, he yh\u00e4 el\u00e4v\u00e4t minun muistissani ja \nihmiskunnan kollektiivisessa muistissa. Pyyt\u00e4isin teit\u00e4 virkist\u00e4m\u00e4\u00e4n \nihmiskunnan muistia muistuttamalla itse\u00e4nne siit\u00e4, milt\u00e4 tuntui synty\u00e4 \nsellaiseen yhteis\u00f6\u00f6n, jota samanmieliset henget ymp\u00e4r\u00f6iv\u00e4t, ja tietysti \nomasta sis\u00e4isest\u00e4 olemuksestanne, omasta ytimest\u00e4nne ja sielustanne \nk\u00e4sin. Tuntekaa, kuinka huoletonta el\u00e4m\u00e4 voi silloin olla. On yh\u00e4 \ntuskallisia tapahtumia, kuten l\u00e4heisten kuolema, menetyksen ja tuskan \nkokemukset sek\u00e4 my\u00f6s ep\u00e4selv\u00e4 kommunikointi, mutta se kaikki tapahtuu \nrauhan, ymm\u00e4rryksen ja turvallisuuden taustaa vasten.<\/p>\n\n\n\n<p>Samanmielisten ihmisen keskell\u00e4 kasvaminen antaa \nsyv\u00e4llist\u00e4 turvallisuuden, hyv\u00e4ksynn\u00e4n ja vapaan kehittymiskyvyn \ntunnetta. Tuntekaa j\u00e4lleen, millaista se oli: saatatte n\u00e4hd\u00e4 kuvia \nyhteis\u00f6st\u00e4, johon kuuluitte toisena aikana. Keskittyk\u00e4\u00e4 yht\u00e4 lailla kuka\n olitte silloin, siihen energiaan, jota s\u00e4teilitte, ja siihen hyv\u00e4nolon \ntunteeseen, joka teill\u00e4 oli. Voitte olla avoimia toisia ihmisi\u00e4 ja \nymp\u00e4rist\u00f6\u00e4nne kohtaan, koska teill\u00e4 oli perusta itsess\u00e4nne. Teist\u00e4 \ntuntui hyv\u00e4lt\u00e4 olla oma itsenne. Ette koskaan ep\u00e4illyt, oliko teit\u00e4 \nvarten erityisesti jokin tila ja oliko teill\u00e4 jotakin annettavaa \nkokonaisuudelle. Se oli yksinkertaisesti selv\u00e4\u00e4, ja jokainen tiesi sen. \nTuntekaa, kuinka saitte juuri sen, mit\u00e4 tarvitsitte: <em>voimaantumisen omasta ymp\u00e4rist\u00f6st\u00e4nne<\/em>.\n Ymp\u00e4rill\u00e4nne oli ihmisi\u00e4, jotka ymm\u00e4rsiv\u00e4t teit\u00e4 ja jotka antoivat \narvokkaita neuvoja. Ja ennen kaikkea heist\u00e4 heijastui harmonian ja \nviisauden ilmapiiri. N\u00e4hk\u00e4\u00e4 se hyvin erityisen\u00e4 lahjana, jonka silloin \nmuinoin saitte.<\/p>\n\n\n\n<p>Olette t\u00e4m\u00e4n energian, t\u00e4m\u00e4n yhdess\u00e4 olemisen \nyhteis\u00f6muodon perustajia, tuon energian luojia t\u00e4ss\u00e4 ajassa. Nyt ei en\u00e4\u00e4\n pidet\u00e4 itsest\u00e4\u00e4n selv\u00e4n\u00e4 kasvaa tuollaisesta turvallisuuden perustasta,\n ja silti teill\u00e4 on muisto siit\u00e4 omassa syd\u00e4mess\u00e4nne. Teiss\u00e4 on muisto \nt\u00e4yden harmonian el\u00e4m\u00e4st\u00e4, jolloin pystyitte kehitt\u00e4m\u00e4\u00e4n henkisi\u00e4 \nlahjojanne luonnollisesti: rakkauttanne, kauneuden tunnettanne, \nluovuuttanne, l\u00e4mp\u00f6\u00e4nne. Teid\u00e4n on tarkoitus istuttaa se valo siemeneksi\n Maan p\u00e4\u00e4lle. Se kokemus, jonka tied\u00e4tte menneisyydest\u00e4, ja vied\u00e4 sit\u00e4 \neteenp\u00e4in.<\/p>\n\n\n\n<p>Tavallaan oli tarkoitus, ett\u00e4 teid\u00e4t valoty\u00f6ntekij\u00f6in\u00e4 \npakotetaan turvautumaan itseenne, jotta ette en\u00e4\u00e4 voi olla osa \nturvallisuuden ja vertaisryhm\u00e4\u00e4n kuulumisen luonnollista verkostoa. \nSielunne tiesi, ett\u00e4 perisitte hankalan teht\u00e4v\u00e4n ja sen vuoksi teid\u00e4n \noli tarkoitus saada t\u00e4m\u00e4 l\u00e4mm\u00f6n ja rohkaisun energia menneisyydest\u00e4, \njotta voitte antaa sen paikkoihin, joista sit\u00e4 ei t\u00e4ll\u00e4 hetkell\u00e4 l\u00f6ydy. \nSe on valoty\u00f6n ydinolemus: teid\u00e4n on sytytett\u00e4v\u00e4 valo sinne, miss\u00e4 se ei\n t\u00e4ll\u00e4 hetkell\u00e4 loista \u2013 <em>mutta kaikkein ensiksi itsenne sis\u00e4lle<\/em>. \nKoska vain jos tied\u00e4tte, miten olla varmoja itsess\u00e4nne, voitte \nturvallisesti luoda tilanteen, joka oli kerran olemassa luonnollisesti. \nVasta sitten voitte my\u00f6s olla valona toisille, ja se tapahtuu ihan \nitsest\u00e4\u00e4n.<\/p>\n\n\n\n<p>T\u00e4rke\u00e4 asia on luoda se hoivaamisen tila kaikkein ensiksi\n olemalla uskollinen itselleen. Pyyd\u00e4n teit\u00e4 tekem\u00e4\u00e4n niin nyt. Pyyd\u00e4n \nteit\u00e4 todella kunnioittamaan itse\u00e4nne \u2013 <em>juuri<\/em> <em>nyt<\/em>. \nTuntekaa, kuinka vanhoja todella olette ja kuinka usein olette el\u00e4neet \nMaan p\u00e4\u00e4ll\u00e4 ihmisin\u00e4. Olette sis\u00e4ist\u00e4neet kaikki nuo kokemukset: valon \nja syv\u00e4n pimeyden kokemukset. Ottakaa itsenne vakavasti, kunnioittakaa \nomaa kypsyytt\u00e4nne. <\/p>\n\n\n\n<p>Joskus teist\u00e4 tuntuu, ett\u00e4 olette kuin pikkulapsia, jotka\n eiv\u00e4t en\u00e4\u00e4 tied\u00e4 mit\u00e4 tehd\u00e4 eiv\u00e4tk\u00e4 n\u00e4e ulosp\u00e4\u00e4sy\u00e4. Mutta aika on \nmennyt sen ohi, ett\u00e4 saattaisi ilmaantua opettaja, joka kertoisi teille \nmit\u00e4 teid\u00e4n pit\u00e4isi tehd\u00e4. Nyt on aika uskaltaa olla oma itsens\u00e4: aika \ntodella katsoa sis\u00e4\u00e4np\u00e4in ja n\u00e4hd\u00e4 mit\u00e4 aarteita olette jo ker\u00e4nneet \nkaikkien noiden el\u00e4mien aikana. En\u00e4\u00e4 ei ole sit\u00e4 hoivaavaa yhteiskunnan \nl\u00e4sn\u00e4oloa, joka ymm\u00e4rt\u00e4\u00e4 ja suojelee teit\u00e4. Siin\u00e4 mieless\u00e4 olette yksin.\n Mutta se on osa polkuanne ja kehityst\u00e4nne. Voitte nyt tehd\u00e4 sen yksin \u2013\n <em>te todella voitte<\/em>. Kyse on itseens\u00e4 uskomisesta.<\/p>\n\n\n\n<p>Ottakaa yhteys minun ytimeeni, minun syd\u00e4meeni, joka on \nirrallaan ajasta, syntym\u00e4st\u00e4 ja kuolemasta. Olin paikalla kaikkien \nniiden el\u00e4mien aikana, jotka elitte minun p\u00e4\u00e4ll\u00e4ni. Tuntekaa my\u00f6s <em>oma<\/em>\n ajaton ytimenne. Te tied\u00e4tte jo niin paljon, te olette sis\u00e4isesti jo \nniin rikkaita. Ottakaa yhteys omaan valoonne ja tuntekaa sen virtaavan \nl\u00e4vitsenne. Tuntekaa sen virtaavan kehonne l\u00e4vitse varpaista \nsormenp\u00e4ihin. Tuntekaa jalkanne tukevasti kiinni maassa. Olette \nvoimakkaita ihmisi\u00e4 ja me tarvitsemme teit\u00e4. Voitte virkist\u00e4\u00e4 \nihmiskunnan muistia, voitte kutsua uudelleen harmonian ja rakkauden \nv\u00e4r\u00e4htely\u00e4, jota tarvitaan nyt niin kovasti ja jota niin monet \nkaipaavat. Teill\u00e4 on tietoa ihmisten ja itsenne sis\u00e4isest\u00e4 maailmasta. \nTeille on tuttua tunteiden syvyys ja voitte hyv\u00e4ksy\u00e4 mit\u00e4 ihmisten \nel\u00e4m\u00e4ss\u00e4 tapahtuu. Sill\u00e4 tavoin tuotte rakkautta ja turvaa t\u00e4h\u00e4n pelon \nja ep\u00e4ilyksen maailmaan, ja se on teid\u00e4n kutsumuksenne.<\/p>\n\n\n\n<p>Ty\u00f6skentelen teid\u00e4n kanssanne. Muinaisten valon \nyhteis\u00f6jen energiaa voidaan levitt\u00e4\u00e4 kaikkialle maailmaan. En\u00e4\u00e4 ei ole \ntarkoitus, ett\u00e4 muodostetaan harmonian ja rauhan pieni\u00e4 saarekkeita. Nyt\n on tarkoituksena, ett\u00e4 <em>kaikki<\/em> otetaan mukaan, ja sen vuoksi te \nolette levitt\u00e4ytyneet kaikkialle maailmaan. Ensiksi olemalla yksin, \nmutta sitten syntyneiden yhteyksien ja verkostojen kautta alatte \nv\u00e4hitellen j\u00e4lleen el\u00e4\u00e4 samanmielisin\u00e4 henkin\u00e4, mutta nyt kaiken kattaen\n ja kaikki mukaan ottaen. T\u00e4n\u00e4 aikana on tapahtumassa niin paljon \nmuutoksia, ett\u00e4 saarekkeet eiv\u00e4t en\u00e4\u00e4 riit\u00e4. Nyt on aika \nmaailmanlaajuiselle her\u00e4\u00e4miselle. Vaikka se joskus n\u00e4ytt\u00e4\u00e4 mahdottomalta\n teht\u00e4v\u00e4lt\u00e4, uskokaa itseenne. Teill\u00e4 on sis\u00e4ll\u00e4nne siemeni\u00e4, valon \nituja. Uskaltakaa kylv\u00e4\u00e4 niit\u00e4 ja tehk\u00e4\u00e4 niist\u00e4 n\u00e4kyvi\u00e4 Se on \nteht\u00e4v\u00e4nne, sellaisia te olette \u2013 <em>uskokaa siihen<\/em>.<\/p>\n\n\n\n<p>Kiitoksia mielenkiinnostanne.<\/p>\n\n\n\n<p>\u00a9 Pamela Kribbe <\/p>\n\n\n\n<p><a href=\"https:\/\/www.jeshua.net\/fi\">www.jeshua.net\/fi<\/a><\/p>\n\n\n\n<p><em>Suomennos: Tapio N\u00e4rhi<\/em> <\/p>\n","protected":false},"excerpt":{"rendered":"<p>Pamela Kribbe kanavoi Maata Rakkaat ihmiset, min\u00e4 olen \u00c4iti Maan \u00e4\u00e4ni. Kannan teit\u00e4 t\u00e4ll\u00e4 ihmisel\u00e4m\u00e4n matkallanne. Tuntekaa minut luissanne, lihaksissanne, kaikissa kehonne soluissa. Min\u00e4 toimitan teid\u00e4n ihmiskehonne rakennuspalikat. En kuitenkaan ole l\u00e4sn\u00e4 teiss\u00e4 vain fyysisell\u00e4 tasolla, vaan olen my\u00f6s hyvin vanha energiaolento. Minulla on sieluenergiaa, henkist\u00e4 el\u00e4m\u00e4\u00e4, ja heti kun synnytte minun kehoni iholle,&#8230;<\/p>\n<p class=\"read-more\"><a class=\"btn btn-default\" href=\"https:\/\/www.jeshua.net\/fi\/2020\/01\/13\/tuntekaa-jalleen-kuinka-oli-ennen\/\"> Read More<span class=\"screen-reader-text\">  Read More<\/span><\/a><\/p>\n","protected":false},"author":2,"featured_media":0,"comment_status":"open","ping_status":"open","sticky":false,"template":"","format":"standard","meta":{"footnotes":""},"categories":[7],"tags":[],"class_list":["post-269","post","type-post","status-publish","format-standard","hentry","category-maa-puhuu"],"_links":{"self":[{"href":"https:\/\/www.jeshua.net\/fi\/wp-json\/wp\/v2\/posts\/269","targetHints":{"allow":["GET"]}}],"collection":[{"href":"https:\/\/www.jeshua.net\/fi\/wp-json\/wp\/v2\/posts"}],"about":[{"href":"https:\/\/www.jeshua.net\/fi\/wp-json\/wp\/v2\/types\/post"}],"author":[{"embeddable":true,"href":"https:\/\/www.jeshua.net\/fi\/wp-json\/wp\/v2\/users\/2"}],"replies":[{"embeddable":true,"href":"https:\/\/www.jeshua.net\/fi\/wp-json\/wp\/v2\/comments?post=269"}],"version-history":[{"count":2,"href":"https:\/\/www.jeshua.net\/fi\/wp-json\/wp\/v2\/posts\/269\/revisions"}],"predecessor-version":[{"id":632,"href":"https:\/\/www.jeshua.net\/fi\/wp-json\/wp\/v2\/posts\/269\/revisions\/632"}],"wp:attachment":[{"href":"https:\/\/www.jeshua.net\/fi\/wp-json\/wp\/v2\/media?parent=269"}],"wp:term":[{"taxonomy":"category","embeddable":true,"href":"https:\/\/www.jeshua.net\/fi\/wp-json\/wp\/v2\/categories?post=269"},{"taxonomy":"post_tag","embeddable":true,"href":"https:\/\/www.jeshua.net\/fi\/wp-json\/wp\/v2\/tags?post=269"}],"curies":[{"name":"wp","href":"https:\/\/api.w.org\/{rel}","templated":true}]}}